{"id":1043,"date":"2021-09-13T12:41:00","date_gmt":"2021-09-13T10:41:00","guid":{"rendered":"https:\/\/www.stall-frei.de\/thema\/?p=1043"},"modified":"2021-09-14T17:08:25","modified_gmt":"2021-09-14T15:08:25","slug":"reitsaettel-in-der-stallgasse-und-sattelkammer","status":"publish","type":"post","link":"https:\/\/www.stall-frei.de\/thema\/reiterleben\/reitsaettel-in-der-stallgasse-und-sattelkammer\/","title":{"rendered":"Reits\u00e4ttel in der Stallgasse und Sattelkammer"},"content":{"rendered":"\n<p>Ein richtige Umgang mit dem Reitsattel, ist immer ein wichtiges Thema f\u00fcr alle Reiter:innen.<\/p>\n\n\n\n<p>Der Sattel ist die Verbindung zwischen Reiter:in und Pferd, daher ist er jede:r Reiter:in immer um den guten Zustand bem\u00fcht und wendet Zeit f\u00fcr Pflege und Geld f\u00fcr optimale Lage auf dem Pferd auf. <\/p>\n\n\n\n<ul class=\"wp-block-list\"><li>Was muss ich bei der Lagerung des Sattels zu beachten? <\/li><li>Wie kann ich in der Stallgasse satteln und gleichzeitig Gefahren f\u00fcr Reiter:innen und Pferde vermeiden? <\/li><\/ul>\n\n\n\n<p>Die Sattelkammer sollte immer sauber und trocken sein. Eine gute Regulierung der Feuchtigkeit durch entsprechende L\u00fcftungsm\u00f6glichkeiten der dort gelagerten Gegenst\u00e4nde ist besonders wichtig.<\/p>\n\n\n\n<p>Der an den R\u00fccken deines Pferdes mit Polsterung optimal angepasste Sattel muss auch fachgerecht gelagert werden. Somit gilt es, die Polsterung des Sattels frei von Druckstellen zuhalten. Druckstellen f\u00fchren zwangsl\u00e4ufig zu Verformungen und die optimale Passform an deinem Pferd ist nicht mehr gew\u00e4hrleistet. Nicht jeder Sattelhalter ist f\u00fcr jeden Sattel geeignet. Achte darauf, dass der Sattelhalter durch vorhandene B\u00fcgel keine Abdr\u00fccke in den Polstern hinterl\u00e4sst. <\/p>\n\n\n\n<p>Die gute Trocknung des Sattels ist ein besonders wichtiges Thema. Der Sattel sollte so aufgenommen werden, dass die vorhandene Feuchtigkeit am Leder schnell wieder abgegeben werden kann. Pferdeschwei\u00df enth\u00e4lt Salze die das Leder angreift, schneller altern l\u00e4sst und hart macht. Bei ung\u00fcnstiger Lagerung kann es zudem schnell zu Stockflecken bis zu Schimmelbildung kommen. Wenn Schabracke und Sattel zusammen gelagert werden sollen, muss ein Abstand zwischen Schabracke und Sattel sein, damit beide besser trocken. Der <a rel=\"noreferrer noopener\" href=\"https:\/\/www.paddo.de\/produkte\/sattelhalter-mit-klimazone\/?pk_campaign=NLSF2021\" target=\"_blank\">Sattelhalter mit Klimazone&nbsp;von paddo<\/a> gew\u00e4hrleistet eine Lagerung mit ausreichend Bel\u00fcftung.<\/p>\n\n\n\n<div class=\"wp-block-image\"><figure class=\"aligncenter size-large\"><img loading=\"lazy\" decoding=\"async\" width=\"760\" height=\"245\" src=\"https:\/\/www.stall-frei.de\/thema\/wp-content\/uploads\/2021\/09\/202109-paddo-sattelhalter-760x245.jpg\" alt=\"\" class=\"wp-image-1052\" srcset=\"https:\/\/www.stall-frei.de\/thema\/wp-content\/uploads\/2021\/09\/202109-paddo-sattelhalter-760x245.jpg 760w, https:\/\/www.stall-frei.de\/thema\/wp-content\/uploads\/2021\/09\/202109-paddo-sattelhalter-350x113.jpg 350w, https:\/\/www.stall-frei.de\/thema\/wp-content\/uploads\/2021\/09\/202109-paddo-sattelhalter-768x248.jpg 768w, https:\/\/www.stall-frei.de\/thema\/wp-content\/uploads\/2021\/09\/202109-paddo-sattelhalter.jpg 1000w\" sizes=\"auto, (max-width: 706px) 89vw, (max-width: 767px) 82vw, 740px\" \/><\/figure><\/div>\n\n\n\n<p>Schnell einfach und sicher den Sattel zum Sattel ablegen k\u00f6nnen, das w\u00fcnschen sich viele Reiter:innen. Ob in der Stallgasse oder beim Putz- oder Anbindeplatz, die Situationen bei denen der Sattel gut liegen sollte sind zahlreich. F\u00fcr die M\u00f6glichkeit der Sattelablage muss auch die Sicherheit an all diesen Pl\u00e4tzen betrachtet werden. Denn die Nutzung eines Sattelhalters an diesen Pl\u00e4tzen darf keine Gefahr f\u00fcr Reiter:innen und Pferde darstellen. Der <a href=\"https:\/\/www.paddo.de\/produkte\/sattelhalter-klappbar\/?pk_campaign=NLSF2021\" target=\"_blank\" rel=\"noreferrer noopener\">automatisch zur\u00fcckklappende Sattelhalter von paddo<\/a> minimiert die Verletzungsgefahr an vergessenen, ausgeklappten Sattelhaltern.<\/p>\n","protected":false},"excerpt":{"rendered":"<p>Ein richtige Umgang mit dem Reitsattel, ist immer ein wichtiges Thema f\u00fcr alle Reiter:innen. Der Sattel ist die Verbindung zwischen Reiter:in und Pferd, daher ist er jede:r Reiter:in immer um den guten Zustand bem\u00fcht und wendet Zeit f\u00fcr Pflege und Geld f\u00fcr optimale Lage auf dem Pferd auf. Was muss ich bei der Lagerung des &hellip; <\/p>\n<p class=\"link-more\"><a href=\"https:\/\/www.stall-frei.de\/thema\/reiterleben\/reitsaettel-in-der-stallgasse-und-sattelkammer\/\" class=\"more-link\"><span class=\"screen-reader-text\">\u201eReits\u00e4ttel in der Stallgasse und Sattelkammer\u201c<\/span> weiterlesen<\/a><\/p>\n","protected":false},"author":1,"featured_media":1053,"comment_status":"open","ping_status":"open","sticky":false,"template":"","format":"standard","meta":{"footnotes":""},"categories":[369,425,5],"tags":[427,60,262,426],"class_list":["post-1043","post","type-post","status-publish","format-standard","has-post-thumbnail","hentry","category-kooperationspartner","category-paddo","category-reiterleben","tag-klappbar","tag-reiten","tag-sattel","tag-sattelhalter"],"_links":{"self":[{"href":"https:\/\/www.stall-frei.de\/thema\/wp-json\/wp\/v2\/posts\/1043","targetHints":{"allow":["GET"]}}],"collection":[{"href":"https:\/\/www.stall-frei.de\/thema\/wp-json\/wp\/v2\/posts"}],"about":[{"href":"https:\/\/www.stall-frei.de\/thema\/wp-json\/wp\/v2\/types\/post"}],"author":[{"embeddable":true,"href":"https:\/\/www.stall-frei.de\/thema\/wp-json\/wp\/v2\/users\/1"}],"replies":[{"embeddable":true,"href":"https:\/\/www.stall-frei.de\/thema\/wp-json\/wp\/v2\/comments?post=1043"}],"version-history":[{"count":14,"href":"https:\/\/www.stall-frei.de\/thema\/wp-json\/wp\/v2\/posts\/1043\/revisions"}],"predecessor-version":[{"id":1060,"href":"https:\/\/www.stall-frei.de\/thema\/wp-json\/wp\/v2\/posts\/1043\/revisions\/1060"}],"wp:featuredmedia":[{"embeddable":true,"href":"https:\/\/www.stall-frei.de\/thema\/wp-json\/wp\/v2\/media\/1053"}],"wp:attachment":[{"href":"https:\/\/www.stall-frei.de\/thema\/wp-json\/wp\/v2\/media?parent=1043"}],"wp:term":[{"taxonomy":"category","embeddable":true,"href":"https:\/\/www.stall-frei.de\/thema\/wp-json\/wp\/v2\/categories?post=1043"},{"taxonomy":"post_tag","embeddable":true,"href":"https:\/\/www.stall-frei.de\/thema\/wp-json\/wp\/v2\/tags?post=1043"}],"curies":[{"name":"wp","href":"https:\/\/api.w.org\/{rel}","templated":true}]}}