{"id":1037,"date":"2021-09-18T12:46:00","date_gmt":"2021-09-18T10:46:00","guid":{"rendered":"https:\/\/www.stall-frei.de\/thema\/?p=1037"},"modified":"2021-09-10T15:41:14","modified_gmt":"2021-09-10T13:41:14","slug":"pferdemist-richtig-lagern","status":"publish","type":"post","link":"https:\/\/www.stall-frei.de\/thema\/pferdehaltung\/pferdemist-richtig-lagern\/","title":{"rendered":"Pferdemist richtig lagern"},"content":{"rendered":"\n<p>Die D\u00fcngeverordnung regelt die Lagerzeiten und Anforderungen an die Lagerst\u00e4tten von Mist sowie Sperrfristen f\u00fcr das Ausbringen des Mistes.<\/p>\n\n\n\n<p>Die D\u00fcngeverordnung (D\u00fcV-20) hat u.a. den Gew\u00e4sserschutz und die Sicherung der Trinkwasserqualit\u00e4t zum Ziel. Es sollen die Beeintr\u00e4chtigungen der Oberfl\u00e4chengew\u00e4sser, des Grundwassers und des Bodens verringert werden.&nbsp;<\/p>\n\n\n\n<p>Mit der im Mai 2020 in Kraft getretenen \u00c4nderungen regelt die D\u00fcV-20 u.a. die Mistlagerung. In der D\u00fcngeverordnung wird u.a. bundeseinheitlich die Anfallsmenge und Lagerkapazit\u00e4t von Stallmist f\u00fcr Huftiere festgelegt. Die D\u00fcngeverordnung unterscheidet nicht zwischen privater und gewerblicher Tierhaltung. Der Stallmist von Huf- und Klauentieren muss zwei Monate sicher gelagert werden k\u00f6nnen. Das hei\u00dft, ein Stall muss eine entsprechende Mindestlagerkapazit\u00e4t haben.<\/p>\n\n\n\n<p>Die D\u00fcV-20 gilt f\u00fcr neue Pferdebetriebe und Hobbytierhalter:innen seit 2020. Mistplatten bestehender Betriebe haben Bestandsschutz. Wird der Betrieb erweitert, gelten die neuen Auflagen.<\/p>\n\n\n\n<div class=\"wp-block-image\"><figure class=\"aligncenter size-large\"><img loading=\"lazy\" decoding=\"async\" width=\"760\" height=\"456\" src=\"https:\/\/www.stall-frei.de\/thema\/wp-content\/uploads\/2021\/09\/202109-pferdemist-lagern-3-760x456.jpg\" alt=\"Stroh und Pferde\u00e4ppel - Mist richtig lagern\" class=\"wp-image-1040\" srcset=\"https:\/\/www.stall-frei.de\/thema\/wp-content\/uploads\/2021\/09\/202109-pferdemist-lagern-3-760x456.jpg 760w, https:\/\/www.stall-frei.de\/thema\/wp-content\/uploads\/2021\/09\/202109-pferdemist-lagern-3-350x210.jpg 350w, https:\/\/www.stall-frei.de\/thema\/wp-content\/uploads\/2021\/09\/202109-pferdemist-lagern-3-768x461.jpg 768w, https:\/\/www.stall-frei.de\/thema\/wp-content\/uploads\/2021\/09\/202109-pferdemist-lagern-3.jpg 1000w\" sizes=\"auto, (max-width: 706px) 89vw, (max-width: 767px) 82vw, 740px\" \/><\/figure><\/div>\n\n\n\n<p>Festmist bezeichnet Ausscheidungen mit <a href=\"https:\/\/www.stall-frei.de\/futter\">Einstreu<\/a> oder Futterresten und einem Trockensubstanzgehalt von \u00fcber 15%. Um den Mist D\u00fcV-20 konform zu lagern, ist ein Festmistlager f\u00fcr Pferdemist notwendig, dass muss ein:<\/p>\n\n\n\n<ul class=\"wp-block-list\"><li>dauerhaft dicht<\/li><li>(fl\u00fcssigkeits-) undurchl\u00e4ssig&nbsp;<\/li><li>standsicher<\/li><li>widerstandf\u00e4hig gegen die zu erwartenden mechanischen, thermischen und chemischen Einfl\u00fcsse<\/li><li>\u00fcberdacht (gesch\u00fctzt gegen Eindringen von Oberfl\u00e4chenwasser)<\/li><li>alternativ: wannenf\u00f6rmig ohne Sammelgrube mit 2 % Gef\u00e4lle zur hinteren Wand&nbsp;<\/li><\/ul>\n\n\n\n<p>Die Gr\u00f6\u00dfe der Mistplatte erfolgt u.a. nach D\u00fcV-20 Anlage 9 ist abh\u00e4ngig von:<\/p>\n\n\n\n<ul class=\"wp-block-list\"><li>Anzahl der Pferde<\/li><li>Pferdegr\u00f6\u00dfe (Pony, Kleinpferd, Gro\u00dfpferd)<\/li><li><a href=\"https:\/\/www.stall-frei.de\/stall\/kat-haltungssystem\/\">Haltungsform<\/a> (Box, Offenstall)<\/li><\/ul>\n\n\n\n<p>Stallmist ist eine Mischung aus Kot und Harn sowie Einstreu. Harn, der nicht vom Einstreu aufgenommen wird, flie\u00dft als Jauche ab. Bei Pferden ist dieser Anteil sehr gering, da der Harn vom Einstreu aufgenommen wird. Bei einem Pferd mit 4,8 kg Einstreu pro Tag fallen 3,9 Tonnen Mist in 6 Monaten an (Pony\/Kleinpferd 2,9 t). Frischmist mit Getreidestroh hat ein Raumgewicht bei Lagerung von \u00fcber einem Monat 500 kg\/m\u00b3. F\u00fcr ein Gro\u00dfpferd ergeben sich 7,8 m\u00b3 f\u00fcr 6 Monate.<\/p>\n\n\n\n<div class=\"wp-block-image\"><figure class=\"aligncenter size-large\"><img loading=\"lazy\" decoding=\"async\" width=\"760\" height=\"456\" src=\"https:\/\/www.stall-frei.de\/thema\/wp-content\/uploads\/2021\/09\/202109-pferdemist-lagern-2-760x456.jpg\" alt=\"Kleiner Container auf Weide f\u00fcr Pferdemist\" class=\"wp-image-1039\" srcset=\"https:\/\/www.stall-frei.de\/thema\/wp-content\/uploads\/2021\/09\/202109-pferdemist-lagern-2-760x456.jpg 760w, https:\/\/www.stall-frei.de\/thema\/wp-content\/uploads\/2021\/09\/202109-pferdemist-lagern-2-350x210.jpg 350w, https:\/\/www.stall-frei.de\/thema\/wp-content\/uploads\/2021\/09\/202109-pferdemist-lagern-2-768x461.jpg 768w, https:\/\/www.stall-frei.de\/thema\/wp-content\/uploads\/2021\/09\/202109-pferdemist-lagern-2.jpg 1000w\" sizes=\"auto, (max-width: 706px) 89vw, (max-width: 767px) 82vw, 740px\" \/><\/figure><\/div>\n\n\n\n<p>Nicht jeder <a href=\"https:\/\/www.stall-frei.de\/stall\/kat-offenstall\/\">Offenstall<\/a> oder die Box am Haus bietet die M\u00f6glichkeit eine Mistplatte aus Beton zu errichten, um den Pferdemist fachgerecht zu lagern. Alternativen f\u00fcr kleine St\u00e4lle, Hobbypferdehalter:innen und <a href=\"https:\/\/www.stall-frei.de\/stall\/kat-selbstversorgung\/\">Selbstversorger:innen<\/a><\/p>\n\n\n\n<ul class=\"wp-block-list\"><li>wasserdichter Container&nbsp;<\/li><li>Lagerung im Stall selbst<\/li><li>\u00fcberbetriebliche Lagerung (mit schriftlicher Vereinbarung)<\/li><li>Lagerung auf einem abgedeckten Anh\u00e4nger der zeitnah, mehrmals in der Woche zur weiteren Lagerung an Dritte weitergegeben wird<\/li><\/ul>\n\n\n\n<p>Da Stallmist auch viel organische Substanz enth\u00e4lt, erh\u00f6ht die Speicherf\u00e4higkeit von Wasser, lockert schwere B\u00f6den und bindet N\u00e4hrstoffe. Die Sperrfrist zur Ausbringung von Festmist von Huf- oder Klauentieren und Kompost auf Acker- und Gr\u00fcnland wurde in der D\u00fcV-20 um zwei Wochen verl\u00e4ngert. Sie beginnt jetzt am 01.12. und endet am 15.01. Ist der Boden gefroren, darf auch kein Festmist ausgebracht werden. Seit 2021 gilt in nitratbelasteten Gebieten gilt eine Sperrfrist von November bis Januar, handelt es sich um Gr\u00fcnland beginnt sie bereits im Oktober.<\/p>\n\n\n\n<p>Die Lagerkapazit\u00e4t f\u00fcr den Stallmist sollte auch f\u00fcr vier bis sechs Monate ausreichend sein, damit der Mist auch \u00fcber die Sperrfrist und ung\u00fcnstige Witterungs- und Bodenverh\u00e4ltnisse hinweg gelagert werden kann. Ausbringung ist dann immer nach guter fachlicher Praxis m\u00f6glich.<\/p>\n","protected":false},"excerpt":{"rendered":"<p>Die D\u00fcngeverordnung regelt die Lagerzeiten und Anforderungen an die Lagerst\u00e4tten von Mist sowie Sperrfristen f\u00fcr das Ausbringen des Mistes. Die D\u00fcngeverordnung (D\u00fcV-20) hat u.a. den Gew\u00e4sserschutz und die Sicherung der Trinkwasserqualit\u00e4t zum Ziel. Es sollen die Beeintr\u00e4chtigungen der Oberfl\u00e4chengew\u00e4sser, des Grundwassers und des Bodens verringert werden.&nbsp; Mit der im Mai 2020 in Kraft getretenen \u00c4nderungen &hellip; <\/p>\n<p class=\"link-more\"><a href=\"https:\/\/www.stall-frei.de\/thema\/pferdehaltung\/pferdemist-richtig-lagern\/\" class=\"more-link\"><span class=\"screen-reader-text\">\u201ePferdemist richtig lagern\u201c<\/span> weiterlesen<\/a><\/p>\n","protected":false},"author":1,"featured_media":1038,"comment_status":"open","ping_status":"open","sticky":false,"template":"","format":"standard","meta":{"footnotes":""},"categories":[76],"tags":[424,421,423,422,193],"class_list":["post-1037","post","type-post","status-publish","format-standard","has-post-thumbnail","hentry","category-pferdehaltung","tag-duengeverordnung","tag-misthaufen","tag-mistplatte","tag-pferdemist","tag-stall"],"_links":{"self":[{"href":"https:\/\/www.stall-frei.de\/thema\/wp-json\/wp\/v2\/posts\/1037","targetHints":{"allow":["GET"]}}],"collection":[{"href":"https:\/\/www.stall-frei.de\/thema\/wp-json\/wp\/v2\/posts"}],"about":[{"href":"https:\/\/www.stall-frei.de\/thema\/wp-json\/wp\/v2\/types\/post"}],"author":[{"embeddable":true,"href":"https:\/\/www.stall-frei.de\/thema\/wp-json\/wp\/v2\/users\/1"}],"replies":[{"embeddable":true,"href":"https:\/\/www.stall-frei.de\/thema\/wp-json\/wp\/v2\/comments?post=1037"}],"version-history":[{"count":3,"href":"https:\/\/www.stall-frei.de\/thema\/wp-json\/wp\/v2\/posts\/1037\/revisions"}],"predecessor-version":[{"id":1057,"href":"https:\/\/www.stall-frei.de\/thema\/wp-json\/wp\/v2\/posts\/1037\/revisions\/1057"}],"wp:featuredmedia":[{"embeddable":true,"href":"https:\/\/www.stall-frei.de\/thema\/wp-json\/wp\/v2\/media\/1038"}],"wp:attachment":[{"href":"https:\/\/www.stall-frei.de\/thema\/wp-json\/wp\/v2\/media?parent=1037"}],"wp:term":[{"taxonomy":"category","embeddable":true,"href":"https:\/\/www.stall-frei.de\/thema\/wp-json\/wp\/v2\/categories?post=1037"},{"taxonomy":"post_tag","embeddable":true,"href":"https:\/\/www.stall-frei.de\/thema\/wp-json\/wp\/v2\/tags?post=1037"}],"curies":[{"name":"wp","href":"https:\/\/api.w.org\/{rel}","templated":true}]}}